{"id":612,"date":"2020-08-18T16:27:32","date_gmt":"2020-08-18T16:27:32","guid":{"rendered":"https:\/\/josecarlosdemier.com\/?p=612"},"modified":"2020-08-18T16:27:32","modified_gmt":"2020-08-18T16:27:32","slug":"bronco-r-experiencia-de-bucket-list","status":"publish","type":"post","link":"https:\/\/josecarlosdemier.com\/en\/bronco-r-experiencia-de-bucket-list\/","title":{"rendered":"Bronco R ExpeRiencia de bucket list"},"content":{"rendered":"\r\n<p>Me sub\u00ed al concepto R del Bronco para vivir una experiencia de bucket list. Este concepto le ha servido a Ford para desarrollar el nuevo Bronco y a mi personalmente para tachar una de las cosas que quiero hacer antes de irse para el otro lado. El auto que ha venido a pelear con <a href=\"https:\/\/queautocompro.com\/jeep-wrangler-rubicon-392-concept-con-poder-v8-hemi\/\">Jeep Wrangler<\/a> y con <a href=\"https:\/\/queautocompro.com\/frankfurt-2019-asi-es-el-tan-esperado-land-rover-defender\/\">Land Rover Defender<\/a>. Seguro que el segmento de los 4&#215;4 m\u00e1s capaces se va a desarrollar. La competencia va a hacer que la oferta sea m\u00e1s competitiva. <!--more--><\/p>\r\n\r\n\r\n\r\n<p>Pero no vayamos por el camino aburrido, vamos a la diversi\u00f3n a los saltos a la sensaci\u00f3n de ser un piloto (copiloto mejor dicho) de carreras.<\/p>\r\n\r\n\r\n\r\n<p>Estoy seguro de <a href=\"https:\/\/ormhof.org\/cameron-steele\/\">Cameron Steele <\/a>fue a medio gas pero a mi me dio la impresi\u00f3n de que iba a fondo. Viniendo del enduro y de las dirt bikes, los autos en el offroad siempre me han parecido lentos, pero mi opini\u00f3n cambi\u00f3 en el #BroncoDay . Se puede ir muy deprisa con un auto de carreras offroad y voy a a\u00f1adirlo a las cosas divertidas que se pueden hacer vestidos (se deben hacer vestidos y protegidos).<\/p>\r\n<p>&nbsp;<\/p>\r\n\r\n\r\n\r\n<p>La suspensi\u00f3n absorbe los baches, el auto vuela y aterriza derecho, frena como si estuviera sobre papel de lija. Vaya, parece una moto de cross, solo que 100 veces m\u00e1s pesada y cara \uf04a<\/p>\r\n<p>&nbsp;<\/p>\r\n\r\n\r\n\r\n<p><strong>Un a\u00f1os m\u00e1s en La Baja 1000<\/strong><\/p>\r\n<p>&nbsp;<\/p>\r\n\r\n\r\n\r\n<p>Tuvimos ocasi\u00f3n de platicar sobre los planes en La Baja 1000 con Brian Novak donde de momento el objetivo sigue siendo m\u00e1s desarrollo extremo del auto. No se apunta a la victoria aunque es dif\u00edcil decirle a un piloto que lo importante no es ganar, y menos a un equipo de ingenieros que se dedican en cuerpo y alma a las carreras.<\/p>\r\n<p>&nbsp;<\/p>\r\n\r\n\r\n\r\n<p>El Bronco fue el primer SUV 4&#215;4 en ganar una Baja 1000.<\/p>\r\n<p>&nbsp;<\/p>\r\n\r\n\r\n\r\n<figure class=\"wp-block-embed-youtube wp-block-embed is-type-video is-provider-youtube wp-embed-aspect-16-9 wp-has-aspect-ratio\">\r\n<div class=\"wp-block-embed__wrapper\">\r\n<p><iframe loading=\"lazy\" title=\"ExpeRiencia &quot;Bronconuda&quot;: muertos de miedo en la Bronco de La Baja California\" width=\"640\" height=\"360\" src=\"https:\/\/www.youtube.com\/embed\/PZ_2sc48IuU?feature=oembed\" frameborder=\"0\" allow=\"accelerometer; autoplay; clipboard-write; encrypted-media; gyroscope; picture-in-picture; web-share\" referrerpolicy=\"strict-origin-when-cross-origin\" allowfullscreen><\/iframe><\/p>\r\n<\/div>\r\n<figcaption>Nos subimos al Bronco de carreras. No lo olvidaremos nunca.<\/figcaption>\r\n<\/figure>\r\n\r\n\r\n\r\n<p>Bronco R aprovecha el chasis de cuatro puertas del nuevo de Bronco, el motor EcoBoost<sup>\u00ae<\/sup> V6 biturbo de 2.7 litros, la transmisi\u00f3n autom\u00e1tica SelectShift<sup>\u00ae<\/sup> de 10 velocidades y la caja de transferencia 4&#215;4 con cambio electr\u00f3nico sobre la marcha. La participaci\u00f3n en la brutal competencia todoterreno es parte de las pruebas de durabilidad extrema de Built Wild, una serie de pruebas exigentes para garantizar que todos los Broncos brinden los m\u00e1s altos niveles de rendimiento, durabilidad y capacidad a todos los propietarios.<\/p>\r\n<p>&nbsp;<\/p>\r\n\r\n\r\n\r\n<p>Ford es el Cami\u00f3n y SUV Oficial de SCORE-International Off-Road Racing y patrocinador principal de la SCORE World Desert Challenge Series, que incluye las carreras SCORE Baja 1000 (2019-22).<\/p>\r\n<p>&nbsp;<\/p>\r\n\r\n\r\n\r\n\r\n\r\n<p>Lo dicho vivimos con el Ford Bronco R una Experiencia de bucket list<\/p>\r\n<p>&nbsp;<\/p>\r\n\r\n\r\n\r\n<p>Siguenos en nuestras redes sociales<\/p>\r\n<p>&nbsp;<\/p>\r\n\r\n\r\n\r\n<p><a href=\"http:\/\/www.Youtube.com\/queautocomproTV\">www.Youtube.com\/queautocomproTV<\/a><\/p>\r\n<p>&nbsp;<\/p>\r\n ","protected":false},"excerpt":{"rendered":"<p>Me sub\u00ed al concepto R del Bronco para vivir una experiencia de bucket list. Este concepto le ha servido a Ford para desarrollar el nuevo Bronco y a mi personalmente para tachar una de las cosas que quiero hacer antes de irse para el otro lado. El auto que ha venido a pelear con Jeep [&hellip;]<\/p>\n","protected":false},"author":40,"featured_media":613,"comment_status":"open","ping_status":"open","sticky":false,"template":"","format":"standard","meta":{"_acf_changed":false,"_monsterinsights_skip_tracking":false,"_monsterinsights_sitenote_active":false,"_monsterinsights_sitenote_note":"","_monsterinsights_sitenote_category":0,"footnotes":""},"categories":[1,13],"tags":[23,15,22,24,14],"class_list":["post-612","post","type-post","status-publish","format-standard","has-post-thumbnail","hentry","category-automotriz","category-notas","tag-baja-1000","tag-bronco","tag-bronco-r","tag-experiencia-de-manejo","tag-ford"],"acf":[],"yoast_head":"<!-- This site is optimized with the Yoast SEO plugin v27.4 - https:\/\/yoast.com\/product\/yoast-seo-wordpress\/ -->\n<title>Bronco R ExpeRiencia de bucket list - Jos\u00e9 Carlos<\/title>\n<meta name=\"robots\" content=\"index, follow, max-snippet:-1, max-image-preview:large, max-video-preview:-1\" \/>\n<link rel=\"canonical\" href=\"https:\/\/josecarlosdemier.com\/bronco-r-experiencia-de-bucket-list\/\" \/>\n<meta property=\"og:locale\" content=\"en_US\" \/>\n<meta property=\"og:type\" content=\"article\" \/>\n<meta property=\"og:title\" content=\"Bronco R ExpeRiencia de bucket list - Jos\u00e9 Carlos\" \/>\n<meta property=\"og:description\" content=\"Me sub\u00ed al concepto R del Bronco para vivir una experiencia de bucket list. Este concepto le ha servido a Ford para desarrollar el nuevo Bronco y a mi personalmente para tachar una de las cosas que quiero hacer antes de irse para el otro lado. El auto que ha venido a pelear con Jeep [&hellip;]\" \/>\n<meta property=\"og:url\" content=\"https:\/\/josecarlosdemier.com\/bronco-r-experiencia-de-bucket-list\/\" \/>\n<meta property=\"og:site_name\" content=\"Jos\u00e9 Carlos\" \/>\n<meta property=\"article:published_time\" content=\"2020-08-18T16:27:32+00:00\" \/>\n<meta property=\"og:image\" content=\"https:\/\/josecarlosdemier.com\/wp-content\/uploads\/sites\/54\/2020\/08\/Ford-Bronco-Day-Holly-Oaks-IMG_9801-600x390-1.jpg\" \/>\n\t<meta property=\"og:image:width\" content=\"600\" \/>\n\t<meta property=\"og:image:height\" content=\"390\" \/>\n\t<meta property=\"og:image:type\" content=\"image\/jpeg\" \/>\n<meta name=\"twitter:card\" content=\"summary_large_image\" \/>\n<meta name=\"twitter:label1\" content=\"Written by\" \/>\n\t<meta name=\"twitter:data1\" content=\"\" \/>\n\t<meta name=\"twitter:label2\" content=\"Est. reading time\" \/>\n\t<meta name=\"twitter:data2\" content=\"2 minutes\" \/>\n<script type=\"application\/ld+json\" class=\"yoast-schema-graph\">{\"@context\":\"https:\\\/\\\/schema.org\",\"@graph\":[{\"@type\":\"Article\",\"@id\":\"https:\\\/\\\/josecarlosdemier.com\\\/bronco-r-experiencia-de-bucket-list\\\/#article\",\"isPartOf\":{\"@id\":\"https:\\\/\\\/josecarlosdemier.com\\\/bronco-r-experiencia-de-bucket-list\\\/\"},\"author\":{\"name\":\"\",\"@id\":\"\"},\"headline\":\"Bronco R ExpeRiencia de bucket list\",\"datePublished\":\"2020-08-18T16:27:32+00:00\",\"mainEntityOfPage\":{\"@id\":\"https:\\\/\\\/josecarlosdemier.com\\\/bronco-r-experiencia-de-bucket-list\\\/\"},\"wordCount\":481,\"commentCount\":0,\"image\":{\"@id\":\"https:\\\/\\\/josecarlosdemier.com\\\/bronco-r-experiencia-de-bucket-list\\\/#primaryimage\"},\"thumbnailUrl\":\"https:\\\/\\\/josecarlosdemier.com\\\/wp-content\\\/uploads\\\/sites\\\/54\\\/2020\\\/08\\\/Ford-Bronco-Day-Holly-Oaks-IMG_9801-600x390-1.jpg\",\"keywords\":[\"Baja 1000\",\"bronco\",\"Bronco R\",\"experiencia de manejo\",\"ford\"],\"articleSection\":[\"Automotriz\",\"Notas\"],\"inLanguage\":\"en-US\",\"potentialAction\":[{\"@type\":\"CommentAction\",\"name\":\"Comment\",\"target\":[\"https:\\\/\\\/josecarlosdemier.com\\\/bronco-r-experiencia-de-bucket-list\\\/#respond\"]}]},{\"@type\":\"WebPage\",\"@id\":\"https:\\\/\\\/josecarlosdemier.com\\\/bronco-r-experiencia-de-bucket-list\\\/\",\"url\":\"https:\\\/\\\/josecarlosdemier.com\\\/bronco-r-experiencia-de-bucket-list\\\/\",\"name\":\"Bronco R ExpeRiencia de bucket list - Jos\u00e9 Carlos\",\"isPartOf\":{\"@id\":\"https:\\\/\\\/josecarlosdemier.com\\\/#website\"},\"primaryImageOfPage\":{\"@id\":\"https:\\\/\\\/josecarlosdemier.com\\\/bronco-r-experiencia-de-bucket-list\\\/#primaryimage\"},\"image\":{\"@id\":\"https:\\\/\\\/josecarlosdemier.com\\\/bronco-r-experiencia-de-bucket-list\\\/#primaryimage\"},\"thumbnailUrl\":\"https:\\\/\\\/josecarlosdemier.com\\\/wp-content\\\/uploads\\\/sites\\\/54\\\/2020\\\/08\\\/Ford-Bronco-Day-Holly-Oaks-IMG_9801-600x390-1.jpg\",\"datePublished\":\"2020-08-18T16:27:32+00:00\",\"author\":{\"@id\":\"\"},\"breadcrumb\":{\"@id\":\"https:\\\/\\\/josecarlosdemier.com\\\/bronco-r-experiencia-de-bucket-list\\\/#breadcrumb\"},\"inLanguage\":\"en-US\",\"potentialAction\":[{\"@type\":\"ReadAction\",\"target\":[\"https:\\\/\\\/josecarlosdemier.com\\\/bronco-r-experiencia-de-bucket-list\\\/\"]}]},{\"@type\":\"ImageObject\",\"inLanguage\":\"en-US\",\"@id\":\"https:\\\/\\\/josecarlosdemier.com\\\/bronco-r-experiencia-de-bucket-list\\\/#primaryimage\",\"url\":\"https:\\\/\\\/josecarlosdemier.com\\\/wp-content\\\/uploads\\\/sites\\\/54\\\/2020\\\/08\\\/Ford-Bronco-Day-Holly-Oaks-IMG_9801-600x390-1.jpg\",\"contentUrl\":\"https:\\\/\\\/josecarlosdemier.com\\\/wp-content\\\/uploads\\\/sites\\\/54\\\/2020\\\/08\\\/Ford-Bronco-Day-Holly-Oaks-IMG_9801-600x390-1.jpg\",\"width\":600,\"height\":390},{\"@type\":\"BreadcrumbList\",\"@id\":\"https:\\\/\\\/josecarlosdemier.com\\\/bronco-r-experiencia-de-bucket-list\\\/#breadcrumb\",\"itemListElement\":[{\"@type\":\"ListItem\",\"position\":1,\"name\":\"Portada\",\"item\":\"https:\\\/\\\/josecarlosdemier.com\\\/\"},{\"@type\":\"ListItem\",\"position\":2,\"name\":\"Bronco R ExpeRiencia de bucket list\"}]},{\"@type\":\"WebSite\",\"@id\":\"https:\\\/\\\/josecarlosdemier.com\\\/#website\",\"url\":\"https:\\\/\\\/josecarlosdemier.com\\\/\",\"name\":\"Jos\u00e9 Carlos\",\"description\":\"Miembro de HDN\",\"potentialAction\":[{\"@type\":\"SearchAction\",\"target\":{\"@type\":\"EntryPoint\",\"urlTemplate\":\"https:\\\/\\\/josecarlosdemier.com\\\/?s={search_term_string}\"},\"query-input\":{\"@type\":\"PropertyValueSpecification\",\"valueRequired\":true,\"valueName\":\"search_term_string\"}}],\"inLanguage\":\"en-US\"},{\"@type\":\"Person\",\"@id\":\"\",\"url\":\"https:\\\/\\\/josecarlosdemier.com\\\/en\\\/author\\\/\"}]}<\/script>\n<!-- \/ Yoast SEO plugin. -->","yoast_head_json":{"title":"Bronco R ExpeRiencia de bucket list - Jos\u00e9 Carlos","robots":{"index":"index","follow":"follow","max-snippet":"max-snippet:-1","max-image-preview":"max-image-preview:large","max-video-preview":"max-video-preview:-1"},"canonical":"https:\/\/josecarlosdemier.com\/bronco-r-experiencia-de-bucket-list\/","og_locale":"en_US","og_type":"article","og_title":"Bronco R ExpeRiencia de bucket list - Jos\u00e9 Carlos","og_description":"Me sub\u00ed al concepto R del Bronco para vivir una experiencia de bucket list. Este concepto le ha servido a Ford para desarrollar el nuevo Bronco y a mi personalmente para tachar una de las cosas que quiero hacer antes de irse para el otro lado. El auto que ha venido a pelear con Jeep [&hellip;]","og_url":"https:\/\/josecarlosdemier.com\/bronco-r-experiencia-de-bucket-list\/","og_site_name":"Jos\u00e9 Carlos","article_published_time":"2020-08-18T16:27:32+00:00","og_image":[{"width":600,"height":390,"url":"https:\/\/josecarlosdemier.com\/wp-content\/uploads\/sites\/54\/2020\/08\/Ford-Bronco-Day-Holly-Oaks-IMG_9801-600x390-1.jpg","type":"image\/jpeg"}],"twitter_card":"summary_large_image","twitter_misc":{"Written by":"","Est. reading time":"2 minutes"},"schema":{"@context":"https:\/\/schema.org","@graph":[{"@type":"Article","@id":"https:\/\/josecarlosdemier.com\/bronco-r-experiencia-de-bucket-list\/#article","isPartOf":{"@id":"https:\/\/josecarlosdemier.com\/bronco-r-experiencia-de-bucket-list\/"},"author":{"name":"","@id":""},"headline":"Bronco R ExpeRiencia de bucket list","datePublished":"2020-08-18T16:27:32+00:00","mainEntityOfPage":{"@id":"https:\/\/josecarlosdemier.com\/bronco-r-experiencia-de-bucket-list\/"},"wordCount":481,"commentCount":0,"image":{"@id":"https:\/\/josecarlosdemier.com\/bronco-r-experiencia-de-bucket-list\/#primaryimage"},"thumbnailUrl":"https:\/\/josecarlosdemier.com\/wp-content\/uploads\/sites\/54\/2020\/08\/Ford-Bronco-Day-Holly-Oaks-IMG_9801-600x390-1.jpg","keywords":["Baja 1000","bronco","Bronco R","experiencia de manejo","ford"],"articleSection":["Automotriz","Notas"],"inLanguage":"en-US","potentialAction":[{"@type":"CommentAction","name":"Comment","target":["https:\/\/josecarlosdemier.com\/bronco-r-experiencia-de-bucket-list\/#respond"]}]},{"@type":"WebPage","@id":"https:\/\/josecarlosdemier.com\/bronco-r-experiencia-de-bucket-list\/","url":"https:\/\/josecarlosdemier.com\/bronco-r-experiencia-de-bucket-list\/","name":"Bronco R ExpeRiencia de bucket list - Jos\u00e9 Carlos","isPartOf":{"@id":"https:\/\/josecarlosdemier.com\/#website"},"primaryImageOfPage":{"@id":"https:\/\/josecarlosdemier.com\/bronco-r-experiencia-de-bucket-list\/#primaryimage"},"image":{"@id":"https:\/\/josecarlosdemier.com\/bronco-r-experiencia-de-bucket-list\/#primaryimage"},"thumbnailUrl":"https:\/\/josecarlosdemier.com\/wp-content\/uploads\/sites\/54\/2020\/08\/Ford-Bronco-Day-Holly-Oaks-IMG_9801-600x390-1.jpg","datePublished":"2020-08-18T16:27:32+00:00","author":{"@id":""},"breadcrumb":{"@id":"https:\/\/josecarlosdemier.com\/bronco-r-experiencia-de-bucket-list\/#breadcrumb"},"inLanguage":"en-US","potentialAction":[{"@type":"ReadAction","target":["https:\/\/josecarlosdemier.com\/bronco-r-experiencia-de-bucket-list\/"]}]},{"@type":"ImageObject","inLanguage":"en-US","@id":"https:\/\/josecarlosdemier.com\/bronco-r-experiencia-de-bucket-list\/#primaryimage","url":"https:\/\/josecarlosdemier.com\/wp-content\/uploads\/sites\/54\/2020\/08\/Ford-Bronco-Day-Holly-Oaks-IMG_9801-600x390-1.jpg","contentUrl":"https:\/\/josecarlosdemier.com\/wp-content\/uploads\/sites\/54\/2020\/08\/Ford-Bronco-Day-Holly-Oaks-IMG_9801-600x390-1.jpg","width":600,"height":390},{"@type":"BreadcrumbList","@id":"https:\/\/josecarlosdemier.com\/bronco-r-experiencia-de-bucket-list\/#breadcrumb","itemListElement":[{"@type":"ListItem","position":1,"name":"Portada","item":"https:\/\/josecarlosdemier.com\/"},{"@type":"ListItem","position":2,"name":"Bronco R ExpeRiencia de bucket list"}]},{"@type":"WebSite","@id":"https:\/\/josecarlosdemier.com\/#website","url":"https:\/\/josecarlosdemier.com\/","name":"Jos\u00e9 Carlos","description":"Miembro de HDN","potentialAction":[{"@type":"SearchAction","target":{"@type":"EntryPoint","urlTemplate":"https:\/\/josecarlosdemier.com\/?s={search_term_string}"},"query-input":{"@type":"PropertyValueSpecification","valueRequired":true,"valueName":"search_term_string"}}],"inLanguage":"en-US"},{"@type":"Person","@id":"","url":"https:\/\/josecarlosdemier.com\/en\/author\/"}]}},"_links":{"self":[{"href":"https:\/\/josecarlosdemier.com\/en\/wp-json\/wp\/v2\/posts\/612","targetHints":{"allow":["GET"]}}],"collection":[{"href":"https:\/\/josecarlosdemier.com\/en\/wp-json\/wp\/v2\/posts"}],"about":[{"href":"https:\/\/josecarlosdemier.com\/en\/wp-json\/wp\/v2\/types\/post"}],"author":[{"embeddable":true,"href":"https:\/\/josecarlosdemier.com\/en\/wp-json\/wp\/v2\/users\/40"}],"replies":[{"embeddable":true,"href":"https:\/\/josecarlosdemier.com\/en\/wp-json\/wp\/v2\/comments?post=612"}],"version-history":[{"count":3,"href":"https:\/\/josecarlosdemier.com\/en\/wp-json\/wp\/v2\/posts\/612\/revisions"}],"predecessor-version":[{"id":616,"href":"https:\/\/josecarlosdemier.com\/en\/wp-json\/wp\/v2\/posts\/612\/revisions\/616"}],"wp:featuredmedia":[{"embeddable":true,"href":"https:\/\/josecarlosdemier.com\/en\/wp-json\/wp\/v2\/media\/613"}],"wp:attachment":[{"href":"https:\/\/josecarlosdemier.com\/en\/wp-json\/wp\/v2\/media?parent=612"}],"wp:term":[{"taxonomy":"category","embeddable":true,"href":"https:\/\/josecarlosdemier.com\/en\/wp-json\/wp\/v2\/categories?post=612"},{"taxonomy":"post_tag","embeddable":true,"href":"https:\/\/josecarlosdemier.com\/en\/wp-json\/wp\/v2\/tags?post=612"}],"curies":[{"name":"wp","href":"https:\/\/api.w.org\/{rel}","templated":true}]}}