{"id":617,"date":"2020-08-18T16:59:34","date_gmt":"2020-08-18T16:59:34","guid":{"rendered":"https:\/\/josecarlosdemier.com\/?p=617"},"modified":"2020-08-18T16:59:34","modified_gmt":"2020-08-18T16:59:34","slug":"celebracion-55-anos-ford-bronco","status":"publish","type":"post","link":"https:\/\/josecarlosdemier.com\/en\/celebracion-55-anos-ford-bronco\/","title":{"rendered":"Celebraci\u00f3n 55 a\u00f1os Ford Bronco"},"content":{"rendered":"\r\n<p><strong>Nuevos conceptos Bronco Adventure, nace Bronco Off-Roadeo y permanece el proyecto R Baja para celebrar los 55 a\u00f1os del Ford Bronco.<\/strong> <!--more--><\/p>\r\n\r\n\r\n\r\n<p><br \/>Los primeros conceptos de aventura de la familia Bronco muestran c\u00f3mo pueden ayudar a personalizar tu auto los casi 200 accesorios respaldados de f\u00e1brica. Mopar y Jeep pusieron de moda esta t\u00e1ctica, se lanza el auto y se lanza un amplio cat\u00e1logo de productos para personalizarlo, para hacerlo todav\u00eda m\u00e1s atractivo. La fiesta se organiz\u00f3 para celebrar los 55 a\u00f1os del Bronco. \u00a0<br \/><br \/><\/p>\r\n\r\n\r\n\r\n<p>Casi seis meses despu\u00e9s de los parones a los que nos ha obligado la Pandemia asistimos a una presentaci\u00f3n automotriz en vivo. Ford y el Bronco han hecho posible que nos volvamos a juntar, eso s\u00ed, guardando todas las recomendaciones del CDC y en grupos de periodistas mucho m\u00e1s reducidos de lo habitual. \u00a0<br \/><br \/><\/p>\r\n\r\n\r\n\r\n<p>La efemeride no era para menos. Ford quer\u00eda celebrar los 55 a\u00f1os del Bronco y para eso mont\u00f3 un parque de atracciones offroad al norte de la ciudad de Detroit en las monta\u00f1as de Holly Oaks. \u00a0<br \/><br \/><\/p>\r\n\r\n\r\n\r\n<div class=\"wp-block-image\">\r\n<figure class=\"alignleft size-large\"><img decoding=\"async\" class=\"wp-image-104497\" src=\"https:\/\/queautocompro.com\/wp-content\/uploads\/2020\/08\/Bill-Ford_01-low.jpg\" alt=\"\" \/><\/figure>\r\n<\/div>\r\n\r\n\r\n\r\n<p>Incluso Bill Ford asisti\u00f3 al rebautizado monte Bronco para soplar las velas del renacido Bronco, ahora en versi\u00f3n famila completa: 2, 4 pueras y Bronco Sport. \u00a0<br \/><br \/><\/p>\r\n\r\n\r\n\r\n<p><strong>M\u00e1s madera para el Bronco.<\/strong> \u00a0<br \/><br \/><\/p>\r\n\r\n\r\n\r\n<p>El Bronco ha conseguido poner muy alto el list\u00f3n de los lanzamientos, incluso en plena pandemia ha dominado el ciclo informativo automotriz en los ultimos meses, con \u00e9xitos medibles en social media y con buenas cifras de preventa para un auto que, como muy pronto, llegar\u00e1 a los concecionarios en el primer trimestre del 2021. \u00a0<br \/><br \/><\/p>\r\n\r\n\r\n\r\n<p>Se anunci\u00f3 la primera de las cuatro ubicaciones \u00a0para los Bronco Off-Roadeo; Austin, Texas, la apertura de la ubicaci\u00f3n en el verano de 2021 ofrece un \u00e1rea de juegos de aventuras todoterreno para principiantes y expertos todoterreno. Est\u00e1 claro que Ford est\u00e1 leyendo el libro de la historia de Jeep y no va a dejar ning\u00fan cabo suelto en el camino. \u00a0<br \/><br \/><\/p>\r\n\r\n\r\n\r\n<p>Tuvimos ocasi\u00f3n de platicar sobre los planes en La Baja 1000 donde de momento el objetivo sigue siendo m\u00e1s desarrollo extremo del auto. No se apunta a la victoria aunque es dif\u00edcil decirle a un piloto que lo importante no es ganar. \u00a0<br \/><br \/><\/p>\r\n\r\n\r\n\r\n<p><a href=\"https:\/\/youtu.be\/PZ_2sc48IuU\">Bronco R<\/a> aprovecha el chasis de cuatro puertas del nuevo de Bronco, el motor EcoBoost<sup>\u00ae<\/sup> V6 biturbo de 2.7 litros, la transmisi\u00f3n autom\u00e1tica SelectShift<sup>\u00ae<\/sup> de 10 velocidades y la caja de transferencia 4&#215;4 con cambio electr\u00f3nico sobre la marcha. La participaci\u00f3n en la brutal competencia todoterreno es parte de las pruebas de durabilidad extrema de Built Wild, una serie de pruebas exigentes para garantizar que todos los Broncos brinden los m\u00e1s altos niveles de rendimiento, durabilidad y capacidad a todos los propietarios. \u00a0<br \/><br \/><\/p>\r\n\r\n\r\n\r\n<p>Ford es el Cami\u00f3n y SUV Oficial de SCORE-International Off-Road Racing y patrocinador principal de la SCORE World Desert Challenge Series, que incluye las carreras SCORE Baja 1000 (2019-22). \u00a0<br \/><br \/><\/p>\r\n\r\n\r\n\r\n<p>La cifra de reservas del nuevo Bronco es muy impresionante: 165,000 para los modelos de dos y cuatro puertas en solo tres semanas. Aunque la reserva se puede hacer solo con 100 d\u00f3lares la cifra no deja de ser menos impresionante, teniendo en cuenta que es m\u00e1s de la mitad de las mejores cifras de ventas del Wrangler. \u00a0<br \/><br \/><\/p>\r\n\r\n\r\n\r\n<p>Adicionalmente y tambi\u00e9n siguiendo el libreto de estilo de Jeep se presentaron cinco nuevos conceptos de aventura que muestran accesorios respaldados por la f\u00e1brica que hacen la personalizaci\u00f3n m\u00e1s f\u00e1cil y asequible. \u00a0<br \/><br \/><\/p>\r\n\r\n\r\n\r\n<p><em>\u201cNuestro sue\u00f1o para Bronco no era solo dise\u00f1ar una familia de veh\u00edculos que a la gente le encantar\u00eda, sino crear una comunidad alrededor de personas a las que les encanta salir de la carretera y adentrarse en la naturaleza, que quieren personalizar y personificar a sus Broncos y compartir experiencias<\/em>&#8220;, dijo <a href=\"https:\/\/queautocompro.com\/jim-hackett-se-retira-repasamos-los-ceo-de-ford-en-los-ultimos-20-anos\/\">Jim Hackett<\/a>, presidente y director ejecutivo de Ford. \u00bfYa tendr\u00e1 el suyo para la jubilaci\u00f3n anunciada en octubre? \u00a0<br \/><br \/><\/p>\r\n\r\n\r\n\r\n<p><strong>Al estilo easter safari<\/strong> \u00a0<br \/><br \/><\/p>\r\n\r\n\r\n\r\n<p><strong>Gu\u00eda de Pesca basado en <a href=\"https:\/\/queautocompro.com\/las-variantes-del-ford-bronco-2021\/\">Outer Banks<\/a> Bronco 4D<\/strong>: en la parte superior hay una capota blanda Bestop<sup>\u00ae<\/sup> Sunrider<sup>\u00ae <\/sup>en la primera fila, rieles y barras transversales de techo de concepto de estilo de f\u00e1brica, y un portaequipaje de techo Yakima<sup>\u00ae<\/sup> LockNLoad<sup>\u2122<\/sup> Platform. Parachoques delantero modular Ford Performance y una barra safari completan el frontal, mientras que una puerta trasera deslizable proporciona una excelente superficie de trabajo al reparar ca\u00f1as de pescar o tender nuevos se\u00f1uelos. Alfombras de piso y protectores contra las peores salpicaduras. \u00a0<br \/><br \/><\/p>\r\n\r\n\r\n\r\n<figure class=\"wp-block-embed-youtube wp-block-embed is-type-video is-provider-youtube wp-embed-aspect-16-9 wp-has-aspect-ratio\">\r\n<div class=\"wp-block-embed__wrapper\">\r\n<p><iframe loading=\"lazy\" title=\"Bronco Sport (2021) orgullosamente Mexicano\" width=\"640\" height=\"360\" src=\"https:\/\/www.youtube.com\/embed\/KeeQnUqIAo4?feature=oembed\" frameborder=\"0\" allow=\"accelerometer; autoplay; clipboard-write; encrypted-media; gyroscope; picture-in-picture; web-share\" referrerpolicy=\"strict-origin-when-cross-origin\" allowfullscreen><\/iframe><\/p>\r\n<\/div>\r\n<figcaption>Juan Santill\u00e1n del equipo de desarrollo en M\u00e9xico nos descubre el Sport y sus conceptos<br \/><br \/><\/figcaption>\r\n<\/figure>\r\n\r\n\r\n\r\n<p>\u00a0 <strong>Senderos <a href=\"https:\/\/queautocompro.com\/las-variantes-del-ford-bronco-2021\/\">Bronco<\/a> (2D)<\/strong>: dise\u00f1ada para ser el jinete de senderos m\u00e1s incondicional, basado en la versi\u00f3n Badlands<sup>\u2122<\/sup> de dos puertas. Comienza con un parachoques delantero modular Ford Performance, puertas de tubo, rines y barra de luces LED RIGID<sup>\u00ae<\/sup> de 40 pulgadas. Un cabrestante Ford Performance de WARN<sup>\u00ae<\/sup> ayuda a rescatar a tus amigos 4&#215;4 menos equipados. En la parte superior, los rieles del techo de f\u00e1brica se complementan con un sistema de portaequipajes de techo Yakima Platform con soportes para una pala, y un kit de recuperaci\u00f3n y planchas de arena WARN. En el interior hay alfombras resistentes y una mesa montada en una puerta abatible trasera. \u00a0<br \/><br \/><\/p>\r\n\r\n\r\n\r\n\r\n\r\n<p><strong>Senderos <a href=\"https:\/\/queautocompro.com\/ford-bronco-sport-2021-a-la-altura-de-su-nombre\/\">Bronco Sport<\/a>:<\/strong> para los aventureros que buscan elevar su senderismo todoterreno en un 4&#215;4 peque\u00f1o y resistente, el Bronco Sport Trail Rig amplifica el modelo de la serie Badlands agregando neum\u00e1ticos BFGoodrich<sup>\u2122<\/sup> Mud-Terrain T\/A<sup>\u00ae<\/sup> KM3 de 31 pulgadas, un kit de elevaci\u00f3n de una pulgada, m\u00e1s luces todoterreno Ford Performance LED de RIGID montadas en una barra delantera. En la parte superior, un portaequipaje de techo Yakima LockNLoad Platform y soportes para equipo todoterreno est\u00e1n dise\u00f1ados para transportar equipo como un kit de gato de elevaci\u00f3n alta, tablas de recuperaci\u00f3n Ford Performance y bidones. \u00a0<br \/><br \/><\/p>\r\n\r\n\r\n\r\n<figure class=\"wp-block-image size-large\"><img decoding=\"async\" class=\"wp-image-104498\" src=\"https:\/\/queautocompro.com\/wp-content\/uploads\/2020\/08\/Ford-Bronco-Day-Holly-Oaks-IMG_9803.jpg\" alt=\"\" \/>\r\n<figcaption>Bronco Day. Ford le apuesta al nuevo SUV sin escatimar esfuerzos<br \/><br \/><\/figcaption>\r\n<\/figure>\r\n\r\n\r\n\r\n<p>\u00a0 <strong>Bronco Sport TOW RZR<\/strong>: R combina las caracter\u00edsticas adicionales de confort y tecnolog\u00eda para los pasajeros de la serie Badlands con accesorios de remolque y carga para ayudar a los aventureros a transportar m\u00e1s equipo para actividades al aire libre. La fabricaci\u00f3n personalizada agrega barras transversales Yakima HD Bar y una canasta de carga mediana OffGrid y un Paquete de Remolque de Clase II con 2,200 libras de capacidad para remolcar corredores todoterreno como el nuevo Polaris<sup>\u2122<\/sup> RZR XP Turbo 1000<sup>\u2122<\/sup>, presentado durante el Bronco Day en Holly como parte de la celebraci\u00f3n de cumplea\u00f1os del Bronco. \u00a0<br \/><br \/><\/p>\r\n\r\n\r\n\r\n<p><strong>Support Truck Bronco Sport Off-Roadeo<\/strong>: dise\u00f1ada para los pr\u00f3ximos parques de aventuras de clientes de Bronco Off-Roadeo, basado en el Badlands est\u00e1 equipado para ayudar en la naturaleza con su Plataforma de Carga Yakima LockNLoad para sostener el equipo de recuperaci\u00f3n como un gato de gran elevaci\u00f3n, planchas de arene y bidones. Una barra de luces LED todoterreno Ford Performance de RIGID tambi\u00e9n se monta en el sistema de bastidor. Para apoyar una de las muchas excursiones Off-Roadeo disponibles, este Bronco Sport est\u00e1 equipado con el portabicicletas interior de Yakima para albergar dos bicicletas de monta\u00f1a. Y para anotar las aventuras de los clientes, integra un objetivo para aterrizar el dron que se utilizar\u00e1 en las pistas en las ubicaciones de Off-Roadeo. \u00a0<br \/><br \/><\/p>\r\n\r\n\r\n\r\n<figure class=\"wp-block-image size-large\"><img decoding=\"async\" class=\"wp-image-104494\" src=\"https:\/\/queautocompro.com\/wp-content\/uploads\/2020\/08\/Ford-Bronco-Day-Holly-Oaks-IMG_9805-1024x768.jpg\" alt=\"Aterriza tu dron en el capot del Bronco escoba\" \/>\r\n<figcaption>Ford ha cuidado hasta el m\u00ednimo detalle. M\u00e1s de 200 gadgets para los m\u00e1s caprichosos.<br \/><br \/><\/figcaption>\r\n<\/figure>\r\n\r\n\r\n\r\n<p>\u00a0 &#8220;<em>Adentrarse en la naturaleza es el n\u00facleo de la marca Bronco, y nuestra primera ubicaci\u00f3n Bronco Off-Roadeo en Austin, Texas, ayudar\u00e1 a impulsar la b\u00fasqueda de los fan\u00e1ticos de Bronco en busca de aventuras al aire libre&#8221;<\/em>, dijo Mark Grueber, gerente de marketing de la marca Bronco. <em>\u201cEn cada una de nuestras cuatro ubicaciones de Bronco Off-Roadeo, queremos que los propietarios y entusiastas, incluso aquellos que son novatos en todo terreno, se diviertan tanto como los profesionales de todo terreno y queremos brindarles el conocimiento y la experiencia para hacer sus futuras aventuras de Bronco sean a\u00fan mayores&#8221;.<\/em> \u00a0<br \/><br \/><\/p>\r\n\r\n\r\n\r\n<p>M\u00e1s info en <a href=\"https:\/\/broncooffroadeo.com\/#\/\">broncooffroadeo.com<\/a> y registro. <br \/>\u00a0<\/p>\r\n\r\n\r\n\r\n<p><strong>Broncomania<br \/><br \/><\/strong><\/p>\r\n\r\n\r\n\r\n<p>La respuesta de los clientes al lanzamiento de la familia Bronco no tiene precedentes en la historia de Ford, con m\u00e1s de 165,000 personas que realizaron dep\u00f3sitos de $100 para pedidos en l\u00ednea en las primeras tres semanas y m\u00e1s de 13 millones de ojos fueron impactados por las im\u00e1genes del Bronco en televisi\u00f3n y web. \u00a0<br \/><br \/><\/p>\r\n\r\n\r\n\r\n<p>A las pocas horas de la revelaci\u00f3n del 13 de julio, #FordBronco domin\u00f3 las plataformas de redes sociales, convirti\u00e9ndose en la principal conversaci\u00f3n en Twitter en USA. Como la principal solicitud de b\u00fasqueda de Google, ayud\u00f3 a atraer a m\u00e1s de 5.4 millones de visitantes en las primeras 48 horas al sitio web Ford.com para obtener m\u00e1s informaci\u00f3n y realizar reservas. Ha habido m\u00e1s de 19.5 millones de visitantes en total hasta la fecha. \u00a0<br \/><br \/><\/p>\r\n\r\n\r\n\r\n<p>Al d\u00eda siguiente, todos los 2,000 modelos Bronco Sport First Edition de edici\u00f3n limitada ya estaban comprometidos. Al d\u00eda siguiente, todos los 2,000 modelos Bronco Sport First Edition de ya estaban reservados. Lo mismo ocurre con los modelos First Edition de dos y cuatro puertas Bronco, por lo que Ford decidi\u00f3 aumentar la producci\u00f3n a 7,000 unidades. \u00a0<br \/><br \/><\/p>\r\n\r\n\r\n\r\n\r\n\r\n<p>Siguenos en Youtube:<br \/><br \/><\/p>\r\n\r\n\r\n\r\n<p><a href=\"http:\/\/www.Youtube.com\/queautocomproTV\">www.Youtube.com\/queautocomproTV<\/a> \u00a0<br \/><br \/><\/p>\r\n ","protected":false},"excerpt":{"rendered":"<p>Nuevos conceptos Bronco Adventure, nace Bronco Off-Roadeo y permanece el proyecto R Baja para celebrar los 55 a\u00f1os del Ford Bronco.<\/p>\n","protected":false},"author":40,"featured_media":618,"comment_status":"open","ping_status":"open","sticky":false,"template":"","format":"standard","meta":{"_acf_changed":false,"_monsterinsights_skip_tracking":false,"_monsterinsights_sitenote_active":false,"_monsterinsights_sitenote_note":"","_monsterinsights_sitenote_category":0,"footnotes":""},"categories":[1,13],"tags":[26,15,25,14],"class_list":["post-617","post","type-post","status-publish","format-standard","has-post-thumbnail","hentry","category-automotriz","category-notas","tag-55-aniversario","tag-bronco","tag-broncomania","tag-ford"],"acf":[],"yoast_head":"<!-- This site is optimized with the Yoast SEO plugin v27.4 - https:\/\/yoast.com\/product\/yoast-seo-wordpress\/ -->\n<title>Celebraci\u00f3n 55 a\u00f1os Ford Bronco - Jos\u00e9 Carlos<\/title>\n<meta name=\"robots\" content=\"index, follow, max-snippet:-1, max-image-preview:large, max-video-preview:-1\" \/>\n<link rel=\"canonical\" href=\"https:\/\/josecarlosdemier.com\/celebracion-55-anos-ford-bronco\/\" \/>\n<meta property=\"og:locale\" content=\"en_US\" \/>\n<meta property=\"og:type\" content=\"article\" \/>\n<meta property=\"og:title\" content=\"Celebraci\u00f3n 55 a\u00f1os Ford Bronco - Jos\u00e9 Carlos\" \/>\n<meta property=\"og:description\" content=\"Nuevos conceptos Bronco Adventure, nace Bronco Off-Roadeo y permanece el proyecto R Baja para celebrar los 55 a\u00f1os del Ford Bronco.\" \/>\n<meta property=\"og:url\" content=\"https:\/\/josecarlosdemier.com\/celebracion-55-anos-ford-bronco\/\" \/>\n<meta property=\"og:site_name\" content=\"Jos\u00e9 Carlos\" \/>\n<meta property=\"article:published_time\" content=\"2020-08-18T16:59:34+00:00\" \/>\n<meta property=\"og:image\" content=\"https:\/\/josecarlosdemier.com\/wp-content\/uploads\/sites\/54\/2020\/08\/Ford-Bronco-Day-Holly-Oaks-IMG_9806-620x390-1.jpg\" \/>\n\t<meta property=\"og:image:width\" content=\"620\" \/>\n\t<meta property=\"og:image:height\" content=\"390\" \/>\n\t<meta property=\"og:image:type\" content=\"image\/jpeg\" \/>\n<meta name=\"twitter:card\" content=\"summary_large_image\" \/>\n<meta name=\"twitter:label1\" content=\"Written by\" \/>\n\t<meta name=\"twitter:data1\" content=\"\" \/>\n\t<meta name=\"twitter:label2\" content=\"Est. reading time\" \/>\n\t<meta name=\"twitter:data2\" content=\"8 minutes\" \/>\n<script type=\"application\/ld+json\" class=\"yoast-schema-graph\">{\"@context\":\"https:\\\/\\\/schema.org\",\"@graph\":[{\"@type\":\"Article\",\"@id\":\"https:\\\/\\\/josecarlosdemier.com\\\/celebracion-55-anos-ford-bronco\\\/#article\",\"isPartOf\":{\"@id\":\"https:\\\/\\\/josecarlosdemier.com\\\/celebracion-55-anos-ford-bronco\\\/\"},\"author\":{\"name\":\"\",\"@id\":\"\"},\"headline\":\"Celebraci\u00f3n 55 a\u00f1os Ford Bronco\",\"datePublished\":\"2020-08-18T16:59:34+00:00\",\"mainEntityOfPage\":{\"@id\":\"https:\\\/\\\/josecarlosdemier.com\\\/celebracion-55-anos-ford-bronco\\\/\"},\"wordCount\":1565,\"commentCount\":0,\"image\":{\"@id\":\"https:\\\/\\\/josecarlosdemier.com\\\/celebracion-55-anos-ford-bronco\\\/#primaryimage\"},\"thumbnailUrl\":\"https:\\\/\\\/josecarlosdemier.com\\\/wp-content\\\/uploads\\\/sites\\\/54\\\/2020\\\/08\\\/Ford-Bronco-Day-Holly-Oaks-IMG_9806-620x390-1.jpg\",\"keywords\":[\"55 aniversario\",\"bronco\",\"Broncoman\u00eda\",\"ford\"],\"articleSection\":[\"Automotriz\",\"Notas\"],\"inLanguage\":\"en-US\",\"potentialAction\":[{\"@type\":\"CommentAction\",\"name\":\"Comment\",\"target\":[\"https:\\\/\\\/josecarlosdemier.com\\\/celebracion-55-anos-ford-bronco\\\/#respond\"]}]},{\"@type\":\"WebPage\",\"@id\":\"https:\\\/\\\/josecarlosdemier.com\\\/celebracion-55-anos-ford-bronco\\\/\",\"url\":\"https:\\\/\\\/josecarlosdemier.com\\\/celebracion-55-anos-ford-bronco\\\/\",\"name\":\"Celebraci\u00f3n 55 a\u00f1os Ford Bronco - Jos\u00e9 Carlos\",\"isPartOf\":{\"@id\":\"https:\\\/\\\/josecarlosdemier.com\\\/#website\"},\"primaryImageOfPage\":{\"@id\":\"https:\\\/\\\/josecarlosdemier.com\\\/celebracion-55-anos-ford-bronco\\\/#primaryimage\"},\"image\":{\"@id\":\"https:\\\/\\\/josecarlosdemier.com\\\/celebracion-55-anos-ford-bronco\\\/#primaryimage\"},\"thumbnailUrl\":\"https:\\\/\\\/josecarlosdemier.com\\\/wp-content\\\/uploads\\\/sites\\\/54\\\/2020\\\/08\\\/Ford-Bronco-Day-Holly-Oaks-IMG_9806-620x390-1.jpg\",\"datePublished\":\"2020-08-18T16:59:34+00:00\",\"author\":{\"@id\":\"\"},\"breadcrumb\":{\"@id\":\"https:\\\/\\\/josecarlosdemier.com\\\/celebracion-55-anos-ford-bronco\\\/#breadcrumb\"},\"inLanguage\":\"en-US\",\"potentialAction\":[{\"@type\":\"ReadAction\",\"target\":[\"https:\\\/\\\/josecarlosdemier.com\\\/celebracion-55-anos-ford-bronco\\\/\"]}]},{\"@type\":\"ImageObject\",\"inLanguage\":\"en-US\",\"@id\":\"https:\\\/\\\/josecarlosdemier.com\\\/celebracion-55-anos-ford-bronco\\\/#primaryimage\",\"url\":\"https:\\\/\\\/josecarlosdemier.com\\\/wp-content\\\/uploads\\\/sites\\\/54\\\/2020\\\/08\\\/Ford-Bronco-Day-Holly-Oaks-IMG_9806-620x390-1.jpg\",\"contentUrl\":\"https:\\\/\\\/josecarlosdemier.com\\\/wp-content\\\/uploads\\\/sites\\\/54\\\/2020\\\/08\\\/Ford-Bronco-Day-Holly-Oaks-IMG_9806-620x390-1.jpg\",\"width\":620,\"height\":390},{\"@type\":\"BreadcrumbList\",\"@id\":\"https:\\\/\\\/josecarlosdemier.com\\\/celebracion-55-anos-ford-bronco\\\/#breadcrumb\",\"itemListElement\":[{\"@type\":\"ListItem\",\"position\":1,\"name\":\"Portada\",\"item\":\"https:\\\/\\\/josecarlosdemier.com\\\/\"},{\"@type\":\"ListItem\",\"position\":2,\"name\":\"Celebraci\u00f3n 55 a\u00f1os Ford Bronco\"}]},{\"@type\":\"WebSite\",\"@id\":\"https:\\\/\\\/josecarlosdemier.com\\\/#website\",\"url\":\"https:\\\/\\\/josecarlosdemier.com\\\/\",\"name\":\"Jos\u00e9 Carlos\",\"description\":\"Miembro de HDN\",\"potentialAction\":[{\"@type\":\"SearchAction\",\"target\":{\"@type\":\"EntryPoint\",\"urlTemplate\":\"https:\\\/\\\/josecarlosdemier.com\\\/?s={search_term_string}\"},\"query-input\":{\"@type\":\"PropertyValueSpecification\",\"valueRequired\":true,\"valueName\":\"search_term_string\"}}],\"inLanguage\":\"en-US\"},{\"@type\":\"Person\",\"@id\":\"\",\"url\":\"https:\\\/\\\/josecarlosdemier.com\\\/en\\\/author\\\/\"}]}<\/script>\n<!-- \/ Yoast SEO plugin. -->","yoast_head_json":{"title":"Celebraci\u00f3n 55 a\u00f1os Ford Bronco - Jos\u00e9 Carlos","robots":{"index":"index","follow":"follow","max-snippet":"max-snippet:-1","max-image-preview":"max-image-preview:large","max-video-preview":"max-video-preview:-1"},"canonical":"https:\/\/josecarlosdemier.com\/celebracion-55-anos-ford-bronco\/","og_locale":"en_US","og_type":"article","og_title":"Celebraci\u00f3n 55 a\u00f1os Ford Bronco - Jos\u00e9 Carlos","og_description":"Nuevos conceptos Bronco Adventure, nace Bronco Off-Roadeo y permanece el proyecto R Baja para celebrar los 55 a\u00f1os del Ford Bronco.","og_url":"https:\/\/josecarlosdemier.com\/celebracion-55-anos-ford-bronco\/","og_site_name":"Jos\u00e9 Carlos","article_published_time":"2020-08-18T16:59:34+00:00","og_image":[{"width":620,"height":390,"url":"https:\/\/josecarlosdemier.com\/wp-content\/uploads\/sites\/54\/2020\/08\/Ford-Bronco-Day-Holly-Oaks-IMG_9806-620x390-1.jpg","type":"image\/jpeg"}],"twitter_card":"summary_large_image","twitter_misc":{"Written by":"","Est. reading time":"8 minutes"},"schema":{"@context":"https:\/\/schema.org","@graph":[{"@type":"Article","@id":"https:\/\/josecarlosdemier.com\/celebracion-55-anos-ford-bronco\/#article","isPartOf":{"@id":"https:\/\/josecarlosdemier.com\/celebracion-55-anos-ford-bronco\/"},"author":{"name":"","@id":""},"headline":"Celebraci\u00f3n 55 a\u00f1os Ford Bronco","datePublished":"2020-08-18T16:59:34+00:00","mainEntityOfPage":{"@id":"https:\/\/josecarlosdemier.com\/celebracion-55-anos-ford-bronco\/"},"wordCount":1565,"commentCount":0,"image":{"@id":"https:\/\/josecarlosdemier.com\/celebracion-55-anos-ford-bronco\/#primaryimage"},"thumbnailUrl":"https:\/\/josecarlosdemier.com\/wp-content\/uploads\/sites\/54\/2020\/08\/Ford-Bronco-Day-Holly-Oaks-IMG_9806-620x390-1.jpg","keywords":["55 aniversario","bronco","Broncoman\u00eda","ford"],"articleSection":["Automotriz","Notas"],"inLanguage":"en-US","potentialAction":[{"@type":"CommentAction","name":"Comment","target":["https:\/\/josecarlosdemier.com\/celebracion-55-anos-ford-bronco\/#respond"]}]},{"@type":"WebPage","@id":"https:\/\/josecarlosdemier.com\/celebracion-55-anos-ford-bronco\/","url":"https:\/\/josecarlosdemier.com\/celebracion-55-anos-ford-bronco\/","name":"Celebraci\u00f3n 55 a\u00f1os Ford Bronco - Jos\u00e9 Carlos","isPartOf":{"@id":"https:\/\/josecarlosdemier.com\/#website"},"primaryImageOfPage":{"@id":"https:\/\/josecarlosdemier.com\/celebracion-55-anos-ford-bronco\/#primaryimage"},"image":{"@id":"https:\/\/josecarlosdemier.com\/celebracion-55-anos-ford-bronco\/#primaryimage"},"thumbnailUrl":"https:\/\/josecarlosdemier.com\/wp-content\/uploads\/sites\/54\/2020\/08\/Ford-Bronco-Day-Holly-Oaks-IMG_9806-620x390-1.jpg","datePublished":"2020-08-18T16:59:34+00:00","author":{"@id":""},"breadcrumb":{"@id":"https:\/\/josecarlosdemier.com\/celebracion-55-anos-ford-bronco\/#breadcrumb"},"inLanguage":"en-US","potentialAction":[{"@type":"ReadAction","target":["https:\/\/josecarlosdemier.com\/celebracion-55-anos-ford-bronco\/"]}]},{"@type":"ImageObject","inLanguage":"en-US","@id":"https:\/\/josecarlosdemier.com\/celebracion-55-anos-ford-bronco\/#primaryimage","url":"https:\/\/josecarlosdemier.com\/wp-content\/uploads\/sites\/54\/2020\/08\/Ford-Bronco-Day-Holly-Oaks-IMG_9806-620x390-1.jpg","contentUrl":"https:\/\/josecarlosdemier.com\/wp-content\/uploads\/sites\/54\/2020\/08\/Ford-Bronco-Day-Holly-Oaks-IMG_9806-620x390-1.jpg","width":620,"height":390},{"@type":"BreadcrumbList","@id":"https:\/\/josecarlosdemier.com\/celebracion-55-anos-ford-bronco\/#breadcrumb","itemListElement":[{"@type":"ListItem","position":1,"name":"Portada","item":"https:\/\/josecarlosdemier.com\/"},{"@type":"ListItem","position":2,"name":"Celebraci\u00f3n 55 a\u00f1os Ford Bronco"}]},{"@type":"WebSite","@id":"https:\/\/josecarlosdemier.com\/#website","url":"https:\/\/josecarlosdemier.com\/","name":"Jos\u00e9 Carlos","description":"Miembro de HDN","potentialAction":[{"@type":"SearchAction","target":{"@type":"EntryPoint","urlTemplate":"https:\/\/josecarlosdemier.com\/?s={search_term_string}"},"query-input":{"@type":"PropertyValueSpecification","valueRequired":true,"valueName":"search_term_string"}}],"inLanguage":"en-US"},{"@type":"Person","@id":"","url":"https:\/\/josecarlosdemier.com\/en\/author\/"}]}},"_links":{"self":[{"href":"https:\/\/josecarlosdemier.com\/en\/wp-json\/wp\/v2\/posts\/617","targetHints":{"allow":["GET"]}}],"collection":[{"href":"https:\/\/josecarlosdemier.com\/en\/wp-json\/wp\/v2\/posts"}],"about":[{"href":"https:\/\/josecarlosdemier.com\/en\/wp-json\/wp\/v2\/types\/post"}],"author":[{"embeddable":true,"href":"https:\/\/josecarlosdemier.com\/en\/wp-json\/wp\/v2\/users\/40"}],"replies":[{"embeddable":true,"href":"https:\/\/josecarlosdemier.com\/en\/wp-json\/wp\/v2\/comments?post=617"}],"version-history":[{"count":3,"href":"https:\/\/josecarlosdemier.com\/en\/wp-json\/wp\/v2\/posts\/617\/revisions"}],"predecessor-version":[{"id":621,"href":"https:\/\/josecarlosdemier.com\/en\/wp-json\/wp\/v2\/posts\/617\/revisions\/621"}],"wp:featuredmedia":[{"embeddable":true,"href":"https:\/\/josecarlosdemier.com\/en\/wp-json\/wp\/v2\/media\/618"}],"wp:attachment":[{"href":"https:\/\/josecarlosdemier.com\/en\/wp-json\/wp\/v2\/media?parent=617"}],"wp:term":[{"taxonomy":"category","embeddable":true,"href":"https:\/\/josecarlosdemier.com\/en\/wp-json\/wp\/v2\/categories?post=617"},{"taxonomy":"post_tag","embeddable":true,"href":"https:\/\/josecarlosdemier.com\/en\/wp-json\/wp\/v2\/tags?post=617"}],"curies":[{"name":"wp","href":"https:\/\/api.w.org\/{rel}","templated":true}]}}